{"id":7132,"date":"2021-02-01T21:54:10","date_gmt":"2021-02-01T18:54:10","guid":{"rendered":"http:\/\/osmccsa.edu.ba\/v2\/?p=7132"},"modified":"2023-03-06T10:35:29","modified_gmt":"2023-03-06T07:35:29","slug":"aktivnostizastita-djece-u-riziku-od-neprihvatljivih-ponasanja","status":"publish","type":"post","link":"https:\/\/osmccsa.edu.ba\/v2\/aktivnostizastita-djece-u-riziku-od-neprihvatljivih-ponasanja\/","title":{"rendered":"Za\u0161tita djece u riziku od neprihvatljivih pona\u0161anja"},"content":{"rendered":"<div class=\"mks_progress_bar\"><div class=\"mks_progress_level squared\" style=\"height: 7px; background-color: rgba(154,82,231,0.5);\"><div class=\"mks_progress_level_set\" style=\"width: 100%; background-color: #9a52e7;\"><\/div><\/div><\/div>\n<p><strong>Usljed nezadovoljenja potreba<\/strong> za ljubavi, pa\u017enjom, brigom, nadzorom i kontrolom djeca u svom porodi\u010dnom i \u0161kolskom okru\u017eenju manifestuju pona\u0161anja koja obiluju stresom, frustracijama,&nbsp; tenzijom, nesigurno\u0161\u0107u, strahovima, ljubomorom, nasiljem i drugim oblicima pona\u0161anja koji vode u negativnu afirmaciju.&nbsp; Tako\u0111e, socijalna izolacija, nedovoljno emocionalne razmjene, odbacivanje, prijetnje, povreda granica \u2013 zlostavljanje, iskori\u0161tavanje, zanemarivanje kod djece ostavljaju posljedice na mentalno zdravlje i naru\u0161avaju dobrobit \u0161to za posljedicu ima poreme\u0107aje ishrane, sna, opho\u0111enja sa okolinom, depresiju, pasivnost, anksioznost, nisko samopouzdanje i samopo\u0161tovanje i druge probleme.<\/p>\n<p><strong>\u0160kola ima va\u017enu odgojno \u2013 obrazovnu ulogu<\/strong> za rast i razvoj djece i predstavlja mjesto gdje se mogu prepoznati pona\u0161anja koja impliciraju da je dijete \u017ertva ili po\u010dionioc nasilnog pona\u0161anja. Zato se na \u0161kolu gleda kao na <strong>\u201e protektivni faktor\u201c<\/strong>&nbsp; i o\u010dekuje se da \u0161kola stvara uslove za ostvarivanje prava djece na za\u0161titu od svih oblika zanemarivanja, zapu\u0161tenosti, zlostavljanja i nasilja. U skladu sa evropskim i svjetskim trendovima na kreiranju strategija za prevenciju nasilja i za\u0161titu djece, i osnovne \u0161kole Kantona Sarajevo sada imaju zvani\u010dnu strategiju kroz \u201eProgram (sekundarne) prevencije neprihvatljivih pona\u0161anja kod djece i za\u0161tita djece u riziku u osnovnim \u0161kolama KS\u201c &#8211;&nbsp; koja je utemeljena na jedinstvenom konceptu ostvarenja \u201enajboljeg interesa djeteta\u201c. Ovaj program ide istovremeno u pravcu ranog prepoznavanja, pravovremenog prijavljivanja i pru\u017eanja stru\u010dnog tretmana i za\u0161tite djece u riziku. Osnovni cilj je pru\u017eanje odgojno \u2013 obrazovne podr\u0161ke i stru\u010dnog tretmana za djecu <strong>kod kojih se prepozna neki od 20 indikatora sa liste faktora rizika<\/strong>. U pru\u017eanju za\u0161tite i tretmana djece&nbsp; u riziku od neprihvatljivih pona\u0161anja koja impliciraju da su po\u010dinioci ili \u017ertve nasilnog pona\u0161anja, <strong>\u0161kola dijeli odgovornost sa resursima iz lokalne zajednice \u2013 Centri za socijalni rad i Centri za mentalno zdravlje.<\/strong> Dakle da bi ciljevi bili ostvarivi i da bi Program prevencije i za\u0161tite uspio, neophodan je anga\u017eman edukovanih, visoko motiviranih i senzibiliziranih stru\u010dnjaka <strong>iz oblasti obrazovanja, zdravstva, socijalne za\u0161tite i policije<\/strong>, jer je &nbsp;<strong>multidisciplinarni i multisektorski pristup<\/strong> jedini odr\u017eiv u sistemu podr\u0161ke i za\u0161tite djece.<\/p>\n<p><u>Kada se kod djeteta prepozna neki od faktora rizika koji ometaju njegovo normalno funkcionisanje, \u0161tete njegovom rastu i razvoju i ukazuju na negativne ishode ( neko od pona\u0161anja sa liste faktora rizika)&nbsp; &#8211; slijedi postupanje u skladu sa Pravilnicima koji obavezuju \u0161kolu da o tome vodi propisanu evidenciju, dokumentaciju i djeluje u najboljem interesu djeteta.<\/u><br \/>\n(1. Pravilnik o pru\u017eanju odgojno-obrazovne podr\u0161ke i stru\u010dnog tretmana<br \/>\n2. Pravilnik o vo\u0111enju evidencije o neprihvatljivim oblicima pona\u0161anja i za\u0161tita u osnovnim \u0161kolamam KS)<\/p>\n<p><img loading=\"lazy\" decoding=\"async\" class=\"aligncenter wp-image-7133 size-full\" src=\"http:\/\/osmccsa.edu.ba\/v2\/wp-content\/uploads\/2020\/02\/FebruarMeliha1.png\" alt=\"\" width=\"640\" height=\"369\" srcset=\"https:\/\/osmccsa.edu.ba\/v2\/wp-content\/uploads\/2020\/02\/FebruarMeliha1.png 640w, https:\/\/osmccsa.edu.ba\/v2\/wp-content\/uploads\/2020\/02\/FebruarMeliha1-300x173.png 300w, https:\/\/osmccsa.edu.ba\/v2\/wp-content\/uploads\/2020\/02\/FebruarMeliha1-370x213.png 370w, https:\/\/osmccsa.edu.ba\/v2\/wp-content\/uploads\/2020\/02\/FebruarMeliha1-270x156.png 270w, https:\/\/osmccsa.edu.ba\/v2\/wp-content\/uploads\/2020\/02\/FebruarMeliha1-570x329.png 570w\" sizes=\"auto, (max-width: 640px) 100vw, 640px\" \/><\/p>\n<p><img loading=\"lazy\" decoding=\"async\" class=\"aligncenter wp-image-7134\" src=\"http:\/\/osmccsa.edu.ba\/v2\/wp-content\/uploads\/2020\/02\/FebruarMeliha2-300x283.png\" alt=\"\" width=\"500\" height=\"471\" srcset=\"https:\/\/osmccsa.edu.ba\/v2\/wp-content\/uploads\/2020\/02\/FebruarMeliha2-300x283.png 300w, https:\/\/osmccsa.edu.ba\/v2\/wp-content\/uploads\/2020\/02\/FebruarMeliha2-768x724.png 768w, https:\/\/osmccsa.edu.ba\/v2\/wp-content\/uploads\/2020\/02\/FebruarMeliha2-370x349.png 370w, https:\/\/osmccsa.edu.ba\/v2\/wp-content\/uploads\/2020\/02\/FebruarMeliha2-270x255.png 270w, https:\/\/osmccsa.edu.ba\/v2\/wp-content\/uploads\/2020\/02\/FebruarMeliha2-570x537.png 570w, https:\/\/osmccsa.edu.ba\/v2\/wp-content\/uploads\/2020\/02\/FebruarMeliha2-740x698.png 740w, https:\/\/osmccsa.edu.ba\/v2\/wp-content\/uploads\/2020\/02\/FebruarMeliha2.png 945w\" sizes=\"auto, (max-width: 500px) 100vw, 500px\" \/><\/p>\n<p><strong><u>Sadr\u017eaj odgojno-obrazovne podr\u0161ke<\/u><\/strong><strong><u> :<\/u><\/strong><\/p>\n<p><em>&#8211; odgojno usmjeravanje u<\/em><em>\u010d<\/em><em>enika;<\/em><br \/>\n<em>&nbsp;&#8211; individualne ili grupne razgovore usmjerene,&nbsp; razvoju socijalnih i \u017eivotnih vje\u0161tina;<\/em><br \/>\n<em>&#8211; uklju<\/em><em>\u010d<\/em><em>ivanje u<\/em><em>\u010d<\/em><em>enika u individualni i\/ili,&nbsp; grupni rad&nbsp; usmjeren na razvoj socijalnih vje\u0161tina u\u010denika;&nbsp;<\/em><br \/>\n<em>&#8211; usmjeren razvoj socijalnih vje\u0161tina u\u010denika;<\/em><br \/>\n<em>&#8211; <\/em><em>individualnu i\/ili grupnu pomo<\/em><em>\u0107<\/em><em> u u<\/em><em>\u010d<\/em><em>enju;&nbsp;<\/em><br \/>\n<em>&#8211; uklju<\/em><em>\u010d<\/em><em>ivanje u<\/em><em>\u010d<\/em><em>enika u dopunsku ili dodatnu nastavu;<\/em><br \/>\n<em>&#8211; dodatnu pa<\/em><em>\u017e<\/em><em>nju u<\/em><em>\u010d<\/em><em>itelja\/nastavnika u<\/em><em>\u010d<\/em><em>enika <\/em><em>usmjerenu poticanju aktivnog sudjelovanja u<\/em><em>\u010d<\/em><em>enika <\/em><em>u nastavnom procesu;<\/em><br \/>\n<em>&#8211; <\/em><em>uklju\u010divanje u\u010denika u izvannastavne aktivnosti<\/em><em> ;<\/em><br \/>\n<em>&#8211; individualno i\/ili grupno savjetovanje roditelja <\/em><em>s ciljem ja\u010danja odgojnih kompetencija roditelja; <\/em><br \/>\n<em> &#8211; <\/em><em style=\"font-size: inherit;\">osna\u017eivanje i unaprje\u0111ivanje kompetencija u\u010ditelja\/nastavnika za rad s u\u010denicima u riziku od neprihvatljivih oblika pona\u0161anja;&nbsp; &nbsp; &nbsp; &nbsp; &nbsp; &nbsp; &nbsp; &nbsp; &nbsp; &nbsp; &nbsp; &nbsp;&nbsp;<\/em><br \/>\n<em style=\"font-size: inherit;\">&#8211; druge odgovaraju\u0107e oblike podr\u0161ke.&nbsp; <\/em><strong style=\"font-size: inherit;\"><em>&nbsp; &nbsp; &nbsp; &nbsp; &nbsp; &nbsp; &nbsp; &nbsp; &nbsp; &nbsp; &nbsp; &nbsp; &nbsp; &nbsp; &nbsp; &nbsp; &nbsp; &nbsp; &nbsp; &nbsp; &nbsp; &nbsp; &nbsp; &nbsp; &nbsp;&nbsp;<\/em><\/strong><\/p>\n<ul>\n<li><strong><u>Stru\u010dni tretman koji se provodi od strane stru\u010dne slu\u017ebe \u0161kole, podrazumijeva :<\/u><\/strong><\/li>\n<\/ul>\n<p><strong>&#8211; utvr\u0111ivanje uzroka<\/strong> neprihvatljivih oblika pona\u0161anja,<br \/>\n<strong>&#8211; procjenu<\/strong> u\u010deni\u010dkih potreba,<br \/>\n<strong>&#8211; definisanje sadr\u017eaja i oblika rada<\/strong> u skladu sa prepoznatim potrebama u\u010denika \u2013 anga\u017eman svih relevantnih faktora<\/p>\n<div class=\"mks_progress_bar\"><div class=\"mks_progress_level squared\" style=\"height: 2px; background-color: rgba(51,51,68,0.5);\"><div class=\"mks_progress_level_set\" style=\"width: 100%; background-color: #333344;\"><\/div><\/div><\/div>\n<h6>Podijeli ovu objavu:<\/h6>\n","protected":false},"excerpt":{"rendered":"<p>Usljed nezadovoljenja potreba za ljubavi, pa\u017enjom, brigom, nadzorom i kontrolom djeca u svom porodi\u010dnom i \u0161kolskom okru\u017eenju manifestuju pona\u0161anja koja obiluju stresom, frustracijama,&nbsp; tenzijom, nesigurno\u0161\u0107u, strahovima, ljubomorom, nasiljem i drugim oblicima pona\u0161anja koji vode u negativnu afirmaciju.&nbsp; Tako\u0111e, socijalna izolacija, nedovoljno emocionalne razmjene, odbacivanje, prijetnje, povreda granica \u2013 zlostavljanje, iskori\u0161tavanje, zanemarivanje kod djece ostavljaju posljedice [&hellip;]<\/p>\n","protected":false},"author":2,"featured_media":2709,"comment_status":"closed","ping_status":"closed","sticky":false,"template":"","format":"standard","meta":{"footnotes":""},"categories":[59],"tags":[],"class_list":["post-7132","post","type-post","status-publish","format-standard","has-post-thumbnail","hentry","category-savjeti-pedagoga"],"publishpress_future_action":{"enabled":false,"date":"2026-05-04 09:10:28","action":"category","terms":[],"taxonomy":"category"},"_links":{"self":[{"href":"https:\/\/osmccsa.edu.ba\/v2\/wp-json\/wp\/v2\/posts\/7132","targetHints":{"allow":["GET"]}}],"collection":[{"href":"https:\/\/osmccsa.edu.ba\/v2\/wp-json\/wp\/v2\/posts"}],"about":[{"href":"https:\/\/osmccsa.edu.ba\/v2\/wp-json\/wp\/v2\/types\/post"}],"author":[{"embeddable":true,"href":"https:\/\/osmccsa.edu.ba\/v2\/wp-json\/wp\/v2\/users\/2"}],"replies":[{"embeddable":true,"href":"https:\/\/osmccsa.edu.ba\/v2\/wp-json\/wp\/v2\/comments?post=7132"}],"version-history":[{"count":6,"href":"https:\/\/osmccsa.edu.ba\/v2\/wp-json\/wp\/v2\/posts\/7132\/revisions"}],"predecessor-version":[{"id":9151,"href":"https:\/\/osmccsa.edu.ba\/v2\/wp-json\/wp\/v2\/posts\/7132\/revisions\/9151"}],"wp:featuredmedia":[{"embeddable":true,"href":"https:\/\/osmccsa.edu.ba\/v2\/wp-json\/wp\/v2\/media\/2709"}],"wp:attachment":[{"href":"https:\/\/osmccsa.edu.ba\/v2\/wp-json\/wp\/v2\/media?parent=7132"}],"wp:term":[{"taxonomy":"category","embeddable":true,"href":"https:\/\/osmccsa.edu.ba\/v2\/wp-json\/wp\/v2\/categories?post=7132"},{"taxonomy":"post_tag","embeddable":true,"href":"https:\/\/osmccsa.edu.ba\/v2\/wp-json\/wp\/v2\/tags?post=7132"}],"curies":[{"name":"wp","href":"https:\/\/api.w.org\/{rel}","templated":true}]}}