{"id":17780,"date":"2026-04-28T22:36:05","date_gmt":"2026-04-28T19:36:05","guid":{"rendered":"https:\/\/osmccsa.edu.ba\/v2\/?p=17780"},"modified":"2026-04-28T22:52:14","modified_gmt":"2026-04-28T19:52:14","slug":"vijesti-25-34","status":"publish","type":"post","link":"https:\/\/osmccsa.edu.ba\/v2\/vijesti-25-34\/","title":{"rendered":"Izlet za u\u010denike 2. i 4. razreda"},"content":{"rendered":"<div class=\"mks_progress_bar\"><div class=\"mks_progress_level squared\" style=\"height: 7px; background-color: rgba(237,23,45,0.5);\"><div class=\"mks_progress_level_set\" style=\"width: 100%; background-color: #ed172d;\"><\/div><\/div><\/div>\n<p>U ponedjeljak, 27.4.2026. godine u\u010denici II i IV razreda na\u0161e \u0161kole proveli su prelijep dan na izletu na planini Igman. Boravak na \u010distom zraku iskoristili su za \u0161etnju prirodom, sportske igre na Velikom polju i dru\u017eenje sa vr\u0161njacima.<\/p>\n<p>Cilj ovog izleta bio je ja\u010danje timskog duha i razvijanje ekolo\u0161ke svijesti kroz direktan kontakt s prirodom. Puni pozitivnih utisaka i novih saznanja, u\u010denici su se u popodnevnim satima vratili svojim ku\u0107ama.<\/p>\n<p>Fotografije ovog zanimljivog i korisnog izleta mo\u017eete pogledati u na\u0161oj galeriji na sljede\u0107em linku:<a href=\"https:\/\/photos.app.goo.gl\/SkXX39DqyDUf3oL99\"> IZLET &#8211; 2. i 4. razred<\/a><\/p>\n<hr \/>\n<p>Fotografije su vlasni\u0161tvo u\u010denika i nastavnika na\u0161e \u0161kole.\u00a0<img decoding=\"async\" class=\"emoji\" role=\"img\" draggable=\"false\" src=\"https:\/\/s.w.org\/images\/core\/emoji\/16.0.1\/svg\/1f642.svg\" alt=\"\ud83d\ude42\" \/><\/p>\n<div class=\"mks_progress_bar\"><div class=\"mks_progress_level squared\" style=\"height: 2px; background-color: rgba(51,51,68,0.5);\"><div class=\"mks_progress_level_set\" style=\"width: 100%; background-color: #333344;\"><\/div><\/div><\/div>\n<h6>Podijeli ovu objavu:<\/h6>\n","protected":false},"excerpt":{"rendered":"<p>U ponedjeljak, 27.4.2026. godine u\u010denici II i IV razreda na\u0161e \u0161kole proveli su prelijep dan na izletu na planini Igman. Boravak na \u010distom zraku iskoristili su za \u0161etnju prirodom, sportske igre na Velikom polju i dru\u017eenje sa vr\u0161njacima. Cilj ovog izleta bio je ja\u010danje timskog duha i razvijanje ekolo\u0161ke svijesti kroz direktan kontakt s prirodom. [&hellip;]<\/p>\n","protected":false},"author":2,"featured_media":17781,"comment_status":"closed","ping_status":"closed","sticky":false,"template":"","format":"standard","meta":{"footnotes":""},"categories":[72],"tags":[],"class_list":["post-17780","post","type-post","status-publish","format-standard","has-post-thumbnail","hentry","category-oglasnatabla"],"publishpress_future_action":{"enabled":false,"date":"2026-05-06 04:14:51","action":"category","terms":[],"taxonomy":"category"},"_links":{"self":[{"href":"https:\/\/osmccsa.edu.ba\/v2\/wp-json\/wp\/v2\/posts\/17780","targetHints":{"allow":["GET"]}}],"collection":[{"href":"https:\/\/osmccsa.edu.ba\/v2\/wp-json\/wp\/v2\/posts"}],"about":[{"href":"https:\/\/osmccsa.edu.ba\/v2\/wp-json\/wp\/v2\/types\/post"}],"author":[{"embeddable":true,"href":"https:\/\/osmccsa.edu.ba\/v2\/wp-json\/wp\/v2\/users\/2"}],"replies":[{"embeddable":true,"href":"https:\/\/osmccsa.edu.ba\/v2\/wp-json\/wp\/v2\/comments?post=17780"}],"version-history":[{"count":2,"href":"https:\/\/osmccsa.edu.ba\/v2\/wp-json\/wp\/v2\/posts\/17780\/revisions"}],"predecessor-version":[{"id":17789,"href":"https:\/\/osmccsa.edu.ba\/v2\/wp-json\/wp\/v2\/posts\/17780\/revisions\/17789"}],"wp:featuredmedia":[{"embeddable":true,"href":"https:\/\/osmccsa.edu.ba\/v2\/wp-json\/wp\/v2\/media\/17781"}],"wp:attachment":[{"href":"https:\/\/osmccsa.edu.ba\/v2\/wp-json\/wp\/v2\/media?parent=17780"}],"wp:term":[{"taxonomy":"category","embeddable":true,"href":"https:\/\/osmccsa.edu.ba\/v2\/wp-json\/wp\/v2\/categories?post=17780"},{"taxonomy":"post_tag","embeddable":true,"href":"https:\/\/osmccsa.edu.ba\/v2\/wp-json\/wp\/v2\/tags?post=17780"}],"curies":[{"name":"wp","href":"https:\/\/api.w.org\/{rel}","templated":true}]}}