{"id":17687,"date":"2026-04-17T07:49:26","date_gmt":"2026-04-17T04:49:26","guid":{"rendered":"https:\/\/osmccsa.edu.ba\/v2\/?p=17687"},"modified":"2026-04-22T23:07:45","modified_gmt":"2026-04-22T20:07:45","slug":"vijesti-25-25","status":"publish","type":"post","link":"https:\/\/osmccsa.edu.ba\/v2\/vijesti-25-25\/","title":{"rendered":"Na\u0161i uspje\u0161ni geografi"},"content":{"rendered":"<div class=\"mks_progress_bar\"><div class=\"mks_progress_level squared\" style=\"height: 7px; background-color: rgba(154,82,231,0.5);\"><div class=\"mks_progress_level_set\" style=\"width: 100%; background-color: #9a52e7;\"><\/div><\/div><\/div>\n<p>U \u010detvrtak, 16.04.2026. godine u JU O\u0160 &#8220;Alija Nametak&#8221; odr\u017eano je Op\u0107insko takmi\u010denje iz geografije. Takmi\u010dili su se u\u010denici devetih razreda iz svih osnovnih \u0161kola sa podru\u010dja op\u0107ine Centar i to u pojedina\u010dnoj i ekipnoj konkurenciji.<\/p>\n<p>U\u010denici na\u0161e \u0161kole ostvarili su izuzetan uspjeh. U pojedina\u010dnoj konkurenciji drugo mjesto je zauzela Majda Ma\u0161a Preli\u0107, a u ekipnoj komkurenciji ekipa na\u0161e \u0161kole u sastavu: Majda Ma\u0161a Preli\u0107, Darin Ban Brahi\u0107 i Harun Dautbegovi\u0107 osvojila je DRUGO mjesto.<\/p>\n<p>\u010cestitamo na\u0161im vrijednim u\u010denicima i njihovoj nastavnici Ameli Poturak i \u017eelimo ima puno uspjeha na kantonalnom takmi\u010denju.<\/p>\n<hr \/>\n<p>Fotografije preuzeta sa https:\/\/pixabay.com\/<\/p>\n<div class=\"mks_progress_bar\"><div class=\"mks_progress_level squared\" style=\"height: 2px; background-color: rgba(51,51,68,0.5);\"><div class=\"mks_progress_level_set\" style=\"width: 100%; background-color: #333344;\"><\/div><\/div><\/div>\n<h6>Podijeli ovu objavu:<\/h6>\n","protected":false},"excerpt":{"rendered":"<p>U \u010detvrtak, 16.04.2026. godine u JU O\u0160 &#8220;Alija Nametak&#8221; odr\u017eano je Op\u0107insko takmi\u010denje iz geografije. Takmi\u010dili su se u\u010denici devetih razreda iz svih osnovnih \u0161kola sa podru\u010dja op\u0107ine Centar i to u pojedina\u010dnoj i ekipnoj konkurenciji. U\u010denici na\u0161e \u0161kole ostvarili su izuzetan uspjeh. U pojedina\u010dnoj konkurenciji drugo mjesto je zauzela Majda Ma\u0161a Preli\u0107, a u [&hellip;]<\/p>\n","protected":false},"author":2,"featured_media":17688,"comment_status":"closed","ping_status":"closed","sticky":false,"template":"","format":"standard","meta":{"footnotes":""},"categories":[5],"tags":[],"class_list":["post-17687","post","type-post","status-publish","format-standard","has-post-thumbnail","hentry","category-aktivnosti"],"publishpress_future_action":{"enabled":false,"date":"2026-05-02 11:37:03","action":"category","terms":[],"taxonomy":"category"},"_links":{"self":[{"href":"https:\/\/osmccsa.edu.ba\/v2\/wp-json\/wp\/v2\/posts\/17687","targetHints":{"allow":["GET"]}}],"collection":[{"href":"https:\/\/osmccsa.edu.ba\/v2\/wp-json\/wp\/v2\/posts"}],"about":[{"href":"https:\/\/osmccsa.edu.ba\/v2\/wp-json\/wp\/v2\/types\/post"}],"author":[{"embeddable":true,"href":"https:\/\/osmccsa.edu.ba\/v2\/wp-json\/wp\/v2\/users\/2"}],"replies":[{"embeddable":true,"href":"https:\/\/osmccsa.edu.ba\/v2\/wp-json\/wp\/v2\/comments?post=17687"}],"version-history":[{"count":4,"href":"https:\/\/osmccsa.edu.ba\/v2\/wp-json\/wp\/v2\/posts\/17687\/revisions"}],"predecessor-version":[{"id":17697,"href":"https:\/\/osmccsa.edu.ba\/v2\/wp-json\/wp\/v2\/posts\/17687\/revisions\/17697"}],"wp:featuredmedia":[{"embeddable":true,"href":"https:\/\/osmccsa.edu.ba\/v2\/wp-json\/wp\/v2\/media\/17688"}],"wp:attachment":[{"href":"https:\/\/osmccsa.edu.ba\/v2\/wp-json\/wp\/v2\/media?parent=17687"}],"wp:term":[{"taxonomy":"category","embeddable":true,"href":"https:\/\/osmccsa.edu.ba\/v2\/wp-json\/wp\/v2\/categories?post=17687"},{"taxonomy":"post_tag","embeddable":true,"href":"https:\/\/osmccsa.edu.ba\/v2\/wp-json\/wp\/v2\/tags?post=17687"}],"curies":[{"name":"wp","href":"https:\/\/api.w.org\/{rel}","templated":true}]}}