{"id":17448,"date":"2026-03-05T17:39:37","date_gmt":"2026-03-05T14:39:37","guid":{"rendered":"https:\/\/osmccsa.edu.ba\/v2\/?p=17448"},"modified":"2026-03-17T00:00:04","modified_gmt":"2026-03-16T21:00:04","slug":"ramazanska-druzanja","status":"publish","type":"post","link":"https:\/\/osmccsa.edu.ba\/v2\/ramazanska-druzanja\/","title":{"rendered":"Ramazanska dru\u017eanja"},"content":{"rendered":"<div class=\"mks_progress_bar\"><div class=\"mks_progress_level squared\" style=\"height: 7px; background-color: rgba(154,82,231,0.5);\"><div class=\"mks_progress_level_set\" style=\"width: 100%; background-color: #9a52e7;\"><\/div><\/div><\/div>\n<p>Na\u0161i u\u010denici sa svojim razrednicima, sada ve\u0107 tradicionalno organizuju zajedni\u010dke iftare i dru\u017eenja, \u010dime promovi\u0161u ljepotu zajedni\u0161tva i me\u0111usobnog po\u0161tovanja:<\/p>\n<ul>\n<li>U petak, 06.03.2026. godine u\u010denici VI-2 zajedno sa svojim razrednikom, Zlatkom Star\u010devi\u0107em, prisustvovali su zajedni\u010dkom iftaru. Ve\u010der su proveli u lijepoj i srda\u010dnoj atmosferi, ispunjenoj razgovorom, osmijesima i zajedni\u010dkim dru\u017eenjem. Ovaj susret bio je prilika da u\u010denici osjete duh ramazana, te da kroz dru\u017eenje dodatno razvijaju prijateljstvo i osje\u0107aj zajedni\u0161tva.<img decoding=\"async\" class=\"emoji\" role=\"img\" draggable=\"false\" src=\"https:\/\/s.w.org\/images\/core\/emoji\/17.0.2\/svg\/2728.svg\" alt=\"\u2728\" \/><\/li>\n<li>U utorak, 03.03.2026.godine su u\u010denici VIII-3 odjeljenja proveli lijepu ve\u010der na zajedni\u010dkom iftaru sa svojom razrednicom Sanidom Boji\u010di\u0107.\u00a0<img decoding=\"async\" class=\"emoji\" role=\"img\" draggable=\"false\" src=\"https:\/\/s.w.org\/images\/core\/emoji\/17.0.2\/svg\/1f319.svg\" alt=\"\ud83c\udf19\" \/><img decoding=\"async\" class=\"emoji\" role=\"img\" draggable=\"false\" src=\"https:\/\/s.w.org\/images\/core\/emoji\/17.0.2\/svg\/2728.svg\" alt=\"\u2728\" \/>Uz osmijehe i posebnu ramazansku atmosferu podijeljeni su trenuci zajedni\u0161tva koji \u0107e sigurno ostati u lijepom sje\u0107anju.\u00a0<img decoding=\"async\" class=\"emoji\" role=\"img\" draggable=\"false\" src=\"https:\/\/s.w.org\/images\/core\/emoji\/17.0.2\/svg\/1f54c.svg\" alt=\"\ud83d\udd4c\" \/><img decoding=\"async\" class=\"emoji\" role=\"img\" draggable=\"false\" src=\"https:\/\/s.w.org\/images\/core\/emoji\/17.0.2\/svg\/1f319.svg\" alt=\"\ud83c\udf19\" \/><\/li>\n<\/ul>\n<p>Fotografije sa ovog dru\u017eenja mo\u017eete mogledati u na\u0161oj galeriji na sljede\u0107em linku:\u00a0<a href=\"https:\/\/photos.app.goo.gl\/KtvD23PFWM1cUL746\">DRU\u017dENJA<\/a><\/p>\n<hr \/>\n<p>Fotografije su vlasni\u0161tvo u\u010denika i nastavnika na\u0161e \u0161kole.\u00a0<img decoding=\"async\" class=\"emoji\" role=\"img\" draggable=\"false\" src=\"https:\/\/s.w.org\/images\/core\/emoji\/16.0.1\/svg\/1f642.svg\" alt=\"\ud83d\ude42\" \/><\/p>\n<div class=\"mks_progress_bar\"><div class=\"mks_progress_level squared\" style=\"height: 2px; background-color: rgba(51,51,68,0.5);\"><div class=\"mks_progress_level_set\" style=\"width: 100%; background-color: #333344;\"><\/div><\/div><\/div>\n<h6>Podijeli ovu objavu:<\/h6>\n","protected":false},"excerpt":{"rendered":"<p>Na\u0161i u\u010denici sa svojim razrednicima, sada ve\u0107 tradicionalno organizuju zajedni\u010dke iftare i dru\u017eenja, \u010dime promovi\u0161u ljepotu zajedni\u0161tva i me\u0111usobnog po\u0161tovanja: U petak, 06.03.2026. godine u\u010denici VI-2 zajedno sa svojim razrednikom, Zlatkom Star\u010devi\u0107em, prisustvovali su zajedni\u010dkom iftaru. Ve\u010der su proveli u lijepoj i srda\u010dnoj atmosferi, ispunjenoj razgovorom, osmijesima i zajedni\u010dkim dru\u017eenjem. Ovaj susret bio je prilika [&hellip;]<\/p>\n","protected":false},"author":2,"featured_media":17450,"comment_status":"closed","ping_status":"closed","sticky":false,"template":"","format":"standard","meta":{"footnotes":""},"categories":[5],"tags":[],"class_list":["post-17448","post","type-post","status-publish","format-standard","has-post-thumbnail","hentry","category-aktivnosti"],"publishpress_future_action":{"enabled":false,"date":"2026-05-06 13:27:19","action":"category","terms":[],"taxonomy":"category"},"_links":{"self":[{"href":"https:\/\/osmccsa.edu.ba\/v2\/wp-json\/wp\/v2\/posts\/17448","targetHints":{"allow":["GET"]}}],"collection":[{"href":"https:\/\/osmccsa.edu.ba\/v2\/wp-json\/wp\/v2\/posts"}],"about":[{"href":"https:\/\/osmccsa.edu.ba\/v2\/wp-json\/wp\/v2\/types\/post"}],"author":[{"embeddable":true,"href":"https:\/\/osmccsa.edu.ba\/v2\/wp-json\/wp\/v2\/users\/2"}],"replies":[{"embeddable":true,"href":"https:\/\/osmccsa.edu.ba\/v2\/wp-json\/wp\/v2\/comments?post=17448"}],"version-history":[{"count":1,"href":"https:\/\/osmccsa.edu.ba\/v2\/wp-json\/wp\/v2\/posts\/17448\/revisions"}],"predecessor-version":[{"id":17451,"href":"https:\/\/osmccsa.edu.ba\/v2\/wp-json\/wp\/v2\/posts\/17448\/revisions\/17451"}],"wp:featuredmedia":[{"embeddable":true,"href":"https:\/\/osmccsa.edu.ba\/v2\/wp-json\/wp\/v2\/media\/17450"}],"wp:attachment":[{"href":"https:\/\/osmccsa.edu.ba\/v2\/wp-json\/wp\/v2\/media?parent=17448"}],"wp:term":[{"taxonomy":"category","embeddable":true,"href":"https:\/\/osmccsa.edu.ba\/v2\/wp-json\/wp\/v2\/categories?post=17448"},{"taxonomy":"post_tag","embeddable":true,"href":"https:\/\/osmccsa.edu.ba\/v2\/wp-json\/wp\/v2\/tags?post=17448"}],"curies":[{"name":"wp","href":"https:\/\/api.w.org\/{rel}","templated":true}]}}