{"id":16469,"date":"2025-04-16T23:54:21","date_gmt":"2025-04-16T20:54:21","guid":{"rendered":"https:\/\/osmccsa.edu.ba\/v2\/?p=16469"},"modified":"2025-04-22T09:26:58","modified_gmt":"2025-04-22T06:26:58","slug":"obavjestenje-povodom-uskrsa-i-vaskrsa","status":"publish","type":"post","link":"https:\/\/osmccsa.edu.ba\/v2\/obavjestenje-povodom-uskrsa-i-vaskrsa\/","title":{"rendered":"Obavje\u0161tenje povodom Uskrsa i Vaskrsa"},"content":{"rendered":"<div class=\"mks_progress_bar\"><div class=\"mks_progress_level squared\" style=\"height: 7px; background-color: rgba(237,23,45,0.5);\"><div class=\"mks_progress_level_set\" style=\"width: 100%; background-color: #ed172d;\"><\/div><\/div><\/div>\n<p><strong>U nedjelju, 20.04.2025. godine obilje\u017eavaju se veliki katoli\u010dki i pravoslavni blagdan \u2013 USKRS i VASKRS<\/strong>. Tim povodom<strong>, a u skladu sa \u0160kolskim kalendarom, ponedjeljak, 21.04.2025. godine je radni, ali nenastavni<\/strong> <strong>dan.<\/strong> Redovan nastavni proces se nastavlja u utorak, 22.04.2025. godine po uobi\u010dajenom rasporedu.<\/p>\n<p style=\"text-align: center;\"><span style=\"color: #ff0000;\"><strong>U\u010denicima i radnicima \u0161kole, katoli\u010dke i pravoslavne vjeroispovijesti, iskrene \u010destitke povodom nastupaju\u0107ih blagdana, uz \u017eelju da ga proslave u miru i veselju.<\/strong><\/span><\/p>\n<hr \/>\n<p><span style=\"color: #999999;\">Fotografije su vlasni\u0161tvo u\u010denika i nastavnika na\u0161e \u0161kole. \ud83d\ude42<\/span><\/p>\n<div class=\"mks_progress_bar\"><div class=\"mks_progress_level squared\" style=\"height: 2px; background-color: rgba(51,51,68,0.5);\"><div class=\"mks_progress_level_set\" style=\"width: 100%; background-color: #333344;\"><\/div><\/div><\/div>\n<h6>Podijeli ovu objavu:<\/h6>\n","protected":false},"excerpt":{"rendered":"<p>U nedjelju, 20.04.2025. godine obilje\u017eavaju se veliki katoli\u010dki i pravoslavni blagdan \u2013 USKRS i VASKRS. Tim povodom, a u skladu sa \u0160kolskim kalendarom, ponedjeljak, 21.04.2025. godine je radni, ali nenastavni dan. Redovan nastavni proces se nastavlja u utorak, 22.04.2025. godine po uobi\u010dajenom rasporedu. U\u010denicima i radnicima \u0161kole, katoli\u010dke i pravoslavne vjeroispovijesti, iskrene \u010destitke povodom nastupaju\u0107ih [&hellip;]<\/p>\n","protected":false},"author":2,"featured_media":16470,"comment_status":"closed","ping_status":"closed","sticky":false,"template":"","format":"standard","meta":{"footnotes":""},"categories":[65],"tags":[],"class_list":["post-16469","post","type-post","status-publish","format-standard","has-post-thumbnail","hentry","category-arhiva"],"publishpress_future_action":{"enabled":false,"date":"2026-05-09 01:26:18","action":"category","terms":[],"taxonomy":"category"},"_links":{"self":[{"href":"https:\/\/osmccsa.edu.ba\/v2\/wp-json\/wp\/v2\/posts\/16469","targetHints":{"allow":["GET"]}}],"collection":[{"href":"https:\/\/osmccsa.edu.ba\/v2\/wp-json\/wp\/v2\/posts"}],"about":[{"href":"https:\/\/osmccsa.edu.ba\/v2\/wp-json\/wp\/v2\/types\/post"}],"author":[{"embeddable":true,"href":"https:\/\/osmccsa.edu.ba\/v2\/wp-json\/wp\/v2\/users\/2"}],"replies":[{"embeddable":true,"href":"https:\/\/osmccsa.edu.ba\/v2\/wp-json\/wp\/v2\/comments?post=16469"}],"version-history":[{"count":2,"href":"https:\/\/osmccsa.edu.ba\/v2\/wp-json\/wp\/v2\/posts\/16469\/revisions"}],"predecessor-version":[{"id":16472,"href":"https:\/\/osmccsa.edu.ba\/v2\/wp-json\/wp\/v2\/posts\/16469\/revisions\/16472"}],"wp:featuredmedia":[{"embeddable":true,"href":"https:\/\/osmccsa.edu.ba\/v2\/wp-json\/wp\/v2\/media\/16470"}],"wp:attachment":[{"href":"https:\/\/osmccsa.edu.ba\/v2\/wp-json\/wp\/v2\/media?parent=16469"}],"wp:term":[{"taxonomy":"category","embeddable":true,"href":"https:\/\/osmccsa.edu.ba\/v2\/wp-json\/wp\/v2\/categories?post=16469"},{"taxonomy":"post_tag","embeddable":true,"href":"https:\/\/osmccsa.edu.ba\/v2\/wp-json\/wp\/v2\/tags?post=16469"}],"curies":[{"name":"wp","href":"https:\/\/api.w.org\/{rel}","templated":true}]}}