{"id":16446,"date":"2025-04-16T22:41:15","date_gmt":"2025-04-16T19:41:15","guid":{"rendered":"https:\/\/osmccsa.edu.ba\/v2\/?p=16446"},"modified":"2025-04-29T08:16:38","modified_gmt":"2025-04-29T05:16:38","slug":"nas-uspjesni-danis","status":"publish","type":"post","link":"https:\/\/osmccsa.edu.ba\/v2\/nas-uspjesni-danis\/","title":{"rendered":"Na\u0161 uspje\u0161ni Danis Isa"},"content":{"rendered":"<div class=\"mks_progress_bar\"><div class=\"mks_progress_level squared\" style=\"height: 7px; background-color: rgba(237,23,45,0.5);\"><div class=\"mks_progress_level_set\" style=\"width: 100%; background-color: #ed172d;\"><\/div><\/div><\/div>\n<div class=\"xdj266r x11i5rnm xat24cr x1mh8g0r x1vvkbs x126k92a\">\n<div dir=\"auto\">U ponedjeljak, 14.04.2025.godine, u Maarif International Schools Sarajevo odr\u017eano je Kantonalno takmi\u010denje u \u0161ahu za u\u010denike osnovne \u0161kole za dje\u010dake i djevoj\u010dice\u00a0 u kategoriji od I do III razreda, od IV do VI razreda i od VII do IX razreda. Na\u0161u \u0161kolu u kategoriji dje\u010daci od VII do IX razreda predstavljali su u\u010denici: Zenuni Zen, \u0160abeta Faris i Karamehmedovi\u0107 Danis Isa. Svi na\u0161i u\u010denici u izuzetno jakoj konkurenciji su dostojanstveno predstavili sebe i \u0161kolu a posebno smo ponosni na rezultat <strong>Danisa Ise Karamehmedovi\u0107a koji je osvojio 2. mjesto. <\/strong>\u010cestitamo na\u0161em Danisu Isi na ostvarenom rezultatu, ostalim u\u010denicima i njihovom nastavniku Mehmedovi\u0107 Huseinu.<img loading=\"lazy\" decoding=\"async\" class=\"xz74otr x168nmei x13lgxp2 x5pf9jr xo71vjh\" src=\"https:\/\/static.xx.fbcdn.net\/images\/emoji.php\/v9\/tfe\/1\/16\/1f44f.png\" alt=\"\ud83d\udc4f\" width=\"16\" height=\"16\" \/><img loading=\"lazy\" decoding=\"async\" class=\"xz74otr x168nmei x13lgxp2 x5pf9jr xo71vjh\" src=\"https:\/\/static.xx.fbcdn.net\/images\/emoji.php\/v9\/tfe\/1\/16\/1f44f.png\" alt=\"\ud83d\udc4f\" width=\"16\" height=\"16\" \/><img loading=\"lazy\" decoding=\"async\" class=\"xz74otr x168nmei x13lgxp2 x5pf9jr xo71vjh\" src=\"https:\/\/static.xx.fbcdn.net\/images\/emoji.php\/v9\/tfe\/1\/16\/1f44f.png\" alt=\"\ud83d\udc4f\" width=\"16\" height=\"16\" \/><img loading=\"lazy\" decoding=\"async\" class=\"xz74otr x168nmei x13lgxp2 x5pf9jr xo71vjh\" src=\"https:\/\/static.xx.fbcdn.net\/images\/emoji.php\/v9\/tfe\/1\/16\/1f44f.png\" alt=\"\ud83d\udc4f\" width=\"16\" height=\"16\" \/><\/div>\n<\/div>\n<hr \/>\n<p><span style=\"color: #999999;\">Fotografije su vlasni\u0161tvo u\u010denika i nastavnika na\u0161e \u0161kole. \ud83d\ude42<\/span><\/p>\n<div class=\"mks_progress_bar\"><div class=\"mks_progress_level squared\" style=\"height: 2px; background-color: rgba(51,51,68,0.5);\"><div class=\"mks_progress_level_set\" style=\"width: 100%; background-color: #333344;\"><\/div><\/div><\/div>\n<h6>Podijeli ovu objavu:<\/h6>\n","protected":false},"excerpt":{"rendered":"<p>U ponedjeljak, 14.04.2025.godine, u Maarif International Schools Sarajevo odr\u017eano je Kantonalno takmi\u010denje u \u0161ahu za u\u010denike osnovne \u0161kole za dje\u010dake i djevoj\u010dice\u00a0 u kategoriji od I do III razreda, od IV do VI razreda i od VII do IX razreda. Na\u0161u \u0161kolu u kategoriji dje\u010daci od VII do IX razreda predstavljali su u\u010denici: Zenuni Zen, [&hellip;]<\/p>\n","protected":false},"author":2,"featured_media":16447,"comment_status":"closed","ping_status":"closed","sticky":false,"template":"","format":"standard","meta":{"footnotes":""},"categories":[5],"tags":[],"class_list":["post-16446","post","type-post","status-publish","format-standard","has-post-thumbnail","hentry","category-aktivnosti"],"publishpress_future_action":{"enabled":false,"date":"2026-05-07 01:49:06","action":"category","terms":[],"taxonomy":"category"},"_links":{"self":[{"href":"https:\/\/osmccsa.edu.ba\/v2\/wp-json\/wp\/v2\/posts\/16446","targetHints":{"allow":["GET"]}}],"collection":[{"href":"https:\/\/osmccsa.edu.ba\/v2\/wp-json\/wp\/v2\/posts"}],"about":[{"href":"https:\/\/osmccsa.edu.ba\/v2\/wp-json\/wp\/v2\/types\/post"}],"author":[{"embeddable":true,"href":"https:\/\/osmccsa.edu.ba\/v2\/wp-json\/wp\/v2\/users\/2"}],"replies":[{"embeddable":true,"href":"https:\/\/osmccsa.edu.ba\/v2\/wp-json\/wp\/v2\/comments?post=16446"}],"version-history":[{"count":4,"href":"https:\/\/osmccsa.edu.ba\/v2\/wp-json\/wp\/v2\/posts\/16446\/revisions"}],"predecessor-version":[{"id":16451,"href":"https:\/\/osmccsa.edu.ba\/v2\/wp-json\/wp\/v2\/posts\/16446\/revisions\/16451"}],"wp:featuredmedia":[{"embeddable":true,"href":"https:\/\/osmccsa.edu.ba\/v2\/wp-json\/wp\/v2\/media\/16447"}],"wp:attachment":[{"href":"https:\/\/osmccsa.edu.ba\/v2\/wp-json\/wp\/v2\/media?parent=16446"}],"wp:term":[{"taxonomy":"category","embeddable":true,"href":"https:\/\/osmccsa.edu.ba\/v2\/wp-json\/wp\/v2\/categories?post=16446"},{"taxonomy":"post_tag","embeddable":true,"href":"https:\/\/osmccsa.edu.ba\/v2\/wp-json\/wp\/v2\/tags?post=16446"}],"curies":[{"name":"wp","href":"https:\/\/api.w.org\/{rel}","templated":true}]}}